{"id":14559,"date":"2023-05-28T17:09:16","date_gmt":"2023-05-28T14:09:16","guid":{"rendered":"https:\/\/eadmitere.ro\/politie\/?p=14559"},"modified":"2023-06-07T08:15:41","modified_gmt":"2023-06-07T05:15:41","slug":"cine-a-fost-avram-iancu","status":"publish","type":"post","link":"https:\/\/eadmitere.ro\/politie\/cine-a-fost-avram-iancu\/","title":{"rendered":"Cine a fost Avram Iancu?"},"content":{"rendered":"<p><strong>Avram Iancu<\/strong> a fost un important lider \u0219i erou na\u021bional al rom\u00e2nilor din Transilvania. S-a n\u0103scut la 9 octombrie 1824 \u00een comuna Vidra de l\u00e2ng\u0103 ora\u0219ul Abrud, \u00een actualul jude\u021b Alba din Rom\u00e2nia, \u0219i a murit la 10 septembrie 1872 \u00een comuna Baia de Cri\u0219 din jude\u021bul Hunedoara.<\/p>\n<p>Avram Iancu a devenit cunoscut \u00een special pentru rolul s\u0103u \u00een lupta pentru drepturile rom\u00e2nilor \u0219i pentru ap\u0103rarea identit\u0103\u021bii lor na\u021bionale \u00een contextul perioadei de dominare a Imperiului Austriac \u00een Transilvania. A fost un lider carismatic \u0219i un organizator abil, capabil s\u0103 mobilizeze comunitatea rom\u00e2neasc\u0103 \u00een rezisten\u021ba fa\u021b\u0103 de politica de maghiarizare \u0219i opresiune cultural\u0103.<\/p>\n<p>El a condus mi\u0219carea de rezisten\u021b\u0103 \u00een Mun\u021bii Apuseni, unde a reu\u0219it s\u0103 str\u00e2ng\u0103 un num\u0103r semnificativ de lupt\u0103tori rom\u00e2ni \u0219i s\u0103 organizeze ap\u0103rarea \u00eempotriva for\u021belor maghiare. Avram Iancu a condus mai multe b\u0103t\u0103lii \u00eempotriva trupelor maghiare \u0219i a reu\u0219it s\u0103 ob\u021bin\u0103 victorii importante \u00een ciuda unui num\u0103r inferior de oameni \u0219i resurse.<\/p>\n<p>Una dintre cele mai cunoscute ac\u021biuni ale lui Avram Iancu a fost ap\u0103rarea cet\u0103\u021bii Alba Iulia \u00een fa\u021ba for\u021belor maghiare. \u00cen septembrie 1848, el a reu\u0219it s\u0103 reziste unui asediu maghiar timp de aproximativ dou\u0103 s\u0103pt\u0103m\u00e2ni, devenind un simbol al rezisten\u021bei rom\u00e2ne\u0219ti \u0219i al luptei pentru drepturile na\u021bionale.<\/p>\n<p>Avram Iancu a fost \u0219i un adept al principiilor democratice \u0219i egalitare. El a militat pentru drepturile \u0219i libert\u0103\u021bile poporului rom\u00e2n \u0219i s-a opus discrimin\u0103rii \u0219i privilegiilor bazate pe origine etnic\u0103 sau religioas\u0103. \u00cen timpul vie\u021bii sale, a luptat pentru egalitatea \u00een fa\u021ba legii, pentru folosirea limbii rom\u00e2ne \u0219i pentru recunoa\u0219terea drepturilor \u0219i teritoriului rom\u00e2nilor. Contribu\u021bia sa \u00een ap\u0103rarea \u0219i promovarea identit\u0103\u021bii rom\u00e2ne\u0219ti a r\u0103mas \u00een amintirea poporului rom\u00e2n \u0219i l-a consacrat ca unul dintre eroii na\u021bionali ai istoriei Transilvaniei \u0219i Rom\u00e2niei.<\/p>\n<p>\u00cen contextul nostru, ca o recunoa\u0219tere a eforturilor sale \u00een ap\u0103rarea drepturilor \u0219i identit\u0103\u021bii rom\u00e2ne\u0219ti \u00een Transilvania, numele s\u0103u a fost asociat cu \u015ecoala de Preg\u0103tire a Agen\u0163ilor Poli\u0163iei de Frontier\u0103 Oradea. \u00cen prezent,\u00a0<a href=\"https:\/\/eadmitere.ro\/politie\/scoala-de-pregatire-a-agentilor-politiei-de-frontiera-avram-iancu\/\">\u015ecoala de Preg\u0103tire a Agen\u0163ilor Poli\u0163iei de Frontier\u0103 \u201eAvram Iancu\u201d<\/a> preg\u0103te\u0219te viitorii poli\u021bi\u0219ti de frontier\u0103.<\/p>\n","protected":false},"excerpt":{"rendered":"<p>Avram Iancu a fost un important lider \u0219i erou na\u021bional al rom\u00e2nilor din Transilvania. S-a n\u0103scut la 9 octombrie 1824 \u00een comuna Vidra de l\u00e2ng\u0103 ora\u0219ul Abrud, \u00een actualul jude\u021b Alba din Rom\u00e2nia, \u0219i a murit la 10 septembrie 1872 \u00een comuna Baia de Cri\u0219 din jude\u021bul Hunedoara. Avram Iancu a devenit cunoscut \u00een special [&hellip;]<\/p>\n","protected":false},"author":1,"featured_media":14411,"comment_status":"closed","ping_status":"closed","sticky":false,"template":"","format":"standard","meta":{"_seopress_robots_primary_cat":"none","_seopress_titles_title":"Cine a fost Avram Iancu?","_seopress_titles_desc":"Avram Iancu a fost un important lider \u0219i erou na\u021bional al rom\u00e2nilor din Transilvania. S-a n\u0103scut la 9 octombrie 1824 \u00een comuna Vidra de l\u00e2ng\u0103 ora\u0219ul Abrud","_seopress_robots_index":"","inline_featured_image":false,"footnotes":""},"categories":[1],"tags":[],"class_list":["post-14559","post","type-post","status-publish","format-standard","has-post-thumbnail","hentry","category-uncategorized"],"_links":{"self":[{"href":"https:\/\/eadmitere.ro\/politie\/wp-json\/wp\/v2\/posts\/14559","targetHints":{"allow":["GET"]}}],"collection":[{"href":"https:\/\/eadmitere.ro\/politie\/wp-json\/wp\/v2\/posts"}],"about":[{"href":"https:\/\/eadmitere.ro\/politie\/wp-json\/wp\/v2\/types\/post"}],"author":[{"embeddable":true,"href":"https:\/\/eadmitere.ro\/politie\/wp-json\/wp\/v2\/users\/1"}],"replies":[{"embeddable":true,"href":"https:\/\/eadmitere.ro\/politie\/wp-json\/wp\/v2\/comments?post=14559"}],"version-history":[{"count":0,"href":"https:\/\/eadmitere.ro\/politie\/wp-json\/wp\/v2\/posts\/14559\/revisions"}],"wp:featuredmedia":[{"embeddable":true,"href":"https:\/\/eadmitere.ro\/politie\/wp-json\/wp\/v2\/media\/14411"}],"wp:attachment":[{"href":"https:\/\/eadmitere.ro\/politie\/wp-json\/wp\/v2\/media?parent=14559"}],"wp:term":[{"taxonomy":"category","embeddable":true,"href":"https:\/\/eadmitere.ro\/politie\/wp-json\/wp\/v2\/categories?post=14559"},{"taxonomy":"post_tag","embeddable":true,"href":"https:\/\/eadmitere.ro\/politie\/wp-json\/wp\/v2\/tags?post=14559"}],"curies":[{"name":"wp","href":"https:\/\/api.w.org\/{rel}","templated":true}]}}