{"id":14866,"date":"2023-06-16T06:22:27","date_gmt":"2023-06-16T03:22:27","guid":{"rendered":"https:\/\/eadmitere.ro\/politie\/?p=14866"},"modified":"2023-06-16T22:36:58","modified_gmt":"2023-06-16T19:36:58","slug":"29-iunie-ziua-personalului-din-sistemul-politiei-penitenciare","status":"publish","type":"post","link":"https:\/\/eadmitere.ro\/politie\/29-iunie-ziua-personalului-din-sistemul-politiei-penitenciare\/","title":{"rendered":"29 iunie \u21ac Ziua personalului din sistemul Poli\u0163iei Penitenciare"},"content":{"rendered":"<p>An de an, \u00een data de 29 iunie, Administra\u021bia Na\u021bional\u0103 a Penitenciarelor s\u0103rb\u0103tore\u0219te <em>Ziua personalului din sistemul poli\u021biei penitenciare<\/em>, sub patronajul <a href=\"https:\/\/eadmitere.ro\/politie\/cine-au-fost-sfintii-petru-si-pavel\/\"><em>Sfin\u021bilor Apostoli Petru \u0219i Pavel<\/em><\/a>, ocrotitorii penitenciarelor din Rom\u00e2nia.<\/p>\n<p>Aceast\u0103 dat\u0103 a fost aleas\u0103 pentru a eviden\u021bia munca \u0219i contribu\u021bia personalului din sistemul penitenciar \u00een gestionarea \u0219i supravegherea institu\u021biilor penitenciare, precum \u0219i \u00een reabilitarea \u0219i reintegrarea persoanelor private de libertate \u00een societate.<\/p>\n<p>Poli\u021bia Penitenciar\u0103 are rolul de a asigura supravegherea, siguran\u021ba \u0219i buna func\u021bionare a institu\u021biilor penitenciare din Rom\u00e2nia. Poli\u021bi\u0219tii de penitenciare sunt responsabili de men\u021binerea ordinii \u0219i siguran\u021bei \u00een penitenciare, de gestionarea deten\u021biei, de aplicarea regulamentelor \u0219i de oferirea sprijinului necesar pentru reintegrarea social\u0103 a persoanelor private de libertate.<\/p>\n<p>Cu ocazia Zilei Poli\u021biei Penitenciare, se organizeaz\u0103 diverse evenimente \u0219i ceremonii \u00een unit\u0103\u021bile penitenciare \u0219i \u00een <a href=\"https:\/\/eadmitere.ro\/politie\/scoala-nationala-de-pregatire-a-agentilor-de-penitenciare\/\">\u015ecoala Na\u0163ional\u0103 de Preg\u0103tire a Agen\u0163ilor de Penitenciare &#8211; T\u00e2rgu Ocna<\/a> pentru a eviden\u021bia contribu\u021bia personalului penitenciar \u00een men\u021binerea ordinii \u0219i siguran\u021bei \u00een penitenciare, precum \u0219i \u00een procesul de reabilitare \u0219i reintegrare a persoanelor private de libertate \u00een societate.<\/p>\n<p>Este o oportunitate de a aprecia \u0219i de a aduce mul\u021bumiri personalului din sistemul penitenciar pentru munca lor dificil\u0103 \u0219i pentru eforturile depuse \u00een vederea asigur\u0103rii unui mediu sigur \u0219i \u00een procesul de reabilitare a persoanelor private de libertate.<\/p>\n","protected":false},"excerpt":{"rendered":"<p>An de an, \u00een data de 29 iunie, Administra\u021bia Na\u021bional\u0103 a Penitenciarelor s\u0103rb\u0103tore\u0219te Ziua personalului din sistemul poli\u021biei penitenciare, sub patronajul Sfin\u021bilor Apostoli Petru \u0219i Pavel, ocrotitorii penitenciarelor din Rom\u00e2nia. Aceast\u0103 dat\u0103 a fost aleas\u0103 pentru a eviden\u021bia munca \u0219i contribu\u021bia personalului din sistemul penitenciar \u00een gestionarea \u0219i supravegherea institu\u021biilor penitenciare, precum \u0219i \u00een reabilitarea [&hellip;]<\/p>\n","protected":false},"author":1,"featured_media":14411,"comment_status":"closed","ping_status":"closed","sticky":false,"template":"","format":"standard","meta":{"_seopress_robots_primary_cat":"none","_seopress_titles_title":"29 iunie \u21ac Ziua personalului din poli\u0163ia penitenciar\u0103","_seopress_titles_desc":"An de an, \u00een data de 29 iunie, Administra\u021bia Na\u021bional\u0103 a Penitenciarelor s\u0103rb\u0103tore\u0219te Ziua personalului din sistemul poli\u021biei penitenciare, sub patronajul","_seopress_robots_index":"","inline_featured_image":false,"footnotes":""},"categories":[1],"tags":[],"class_list":["post-14866","post","type-post","status-publish","format-standard","has-post-thumbnail","hentry","category-uncategorized"],"_links":{"self":[{"href":"https:\/\/eadmitere.ro\/politie\/wp-json\/wp\/v2\/posts\/14866","targetHints":{"allow":["GET"]}}],"collection":[{"href":"https:\/\/eadmitere.ro\/politie\/wp-json\/wp\/v2\/posts"}],"about":[{"href":"https:\/\/eadmitere.ro\/politie\/wp-json\/wp\/v2\/types\/post"}],"author":[{"embeddable":true,"href":"https:\/\/eadmitere.ro\/politie\/wp-json\/wp\/v2\/users\/1"}],"replies":[{"embeddable":true,"href":"https:\/\/eadmitere.ro\/politie\/wp-json\/wp\/v2\/comments?post=14866"}],"version-history":[{"count":0,"href":"https:\/\/eadmitere.ro\/politie\/wp-json\/wp\/v2\/posts\/14866\/revisions"}],"wp:featuredmedia":[{"embeddable":true,"href":"https:\/\/eadmitere.ro\/politie\/wp-json\/wp\/v2\/media\/14411"}],"wp:attachment":[{"href":"https:\/\/eadmitere.ro\/politie\/wp-json\/wp\/v2\/media?parent=14866"}],"wp:term":[{"taxonomy":"category","embeddable":true,"href":"https:\/\/eadmitere.ro\/politie\/wp-json\/wp\/v2\/categories?post=14866"},{"taxonomy":"post_tag","embeddable":true,"href":"https:\/\/eadmitere.ro\/politie\/wp-json\/wp\/v2\/tags?post=14866"}],"curies":[{"name":"wp","href":"https:\/\/api.w.org\/{rel}","templated":true}]}}