{"id":14875,"date":"2023-06-17T06:56:40","date_gmt":"2023-06-17T03:56:40","guid":{"rendered":"https:\/\/eadmitere.ro\/politie\/?p=14875"},"modified":"2023-08-13T17:03:06","modified_gmt":"2023-08-13T14:03:06","slug":"24-iulie-ziua-politiei-de-frontiera","status":"publish","type":"post","link":"https:\/\/eadmitere.ro\/politie\/24-iulie-ziua-politiei-de-frontiera\/","title":{"rendered":"24 iulie \u21ac Ziua Poli\u0163iei de Frontier\u0103"},"content":{"rendered":"<p><strong>Ziua Poli\u021biei de Frontier\u0103<\/strong> din Rom\u00e2nia este s\u0103rb\u0103torit\u0103 pe 24 iulie. Alegerea acestei date este legat\u0103 de unirea celor dou\u0103 structuri gr\u0103nicere\u0219ti din Moldova \u0219i \u021aara Rom\u00e2neasc\u0103 de c\u0103tre domnitorul Alexandru Ioan Cuza. Prin \u00cenaltul Decret Domnesc num\u0103rul 893 din 24 iulie 1864 al domnitorului Alexandru Ioan Cuza se prevedea organizarea gr\u0103nicerilor din Moldova dup\u0103 modelul celui din \u021aara Rom\u00e2neasc\u0103 \u0219i unirea celor dou\u0103 corpuri gr\u0103nicere\u0219ti.<\/p>\n<p>Ziua Poli\u021biei de Frontier\u0103 este dedicat\u0103 recunoa\u0219terii \u0219i aprecierii eforturilor poli\u021bi\u0219tilor de frontier\u0103 \u00een protejarea grani\u021belor \u021b\u0103rii, prevenirea \u0219i combaterea infrac\u021bionalit\u0103\u021bii transfrontaliere \u0219i asigurarea securit\u0103\u021bii \u0219i ordinii la frontierele Rom\u00e2niei.<\/p>\n<p>Majoritatea poli\u0163i\u015ftilor de frontier\u0103 provin din cadrul <a href=\"https:\/\/eadmitere.ro\/politie\/academia-de-politie-alexandru-ioan-cuza\/\">Academiei de Poli\u0163ie \u201eAlexandru Ioan Cuza\u201d<\/a> \u0219i <a href=\"https:\/\/eadmitere.ro\/politie\/scoala-de-pregatire-a-agentilor-politiei-de-frontiera-avram-iancu\/\">\u015ecolii de Preg\u0103tire a Agen\u0163ilor Poli\u0163iei de Frontier\u0103 \u201eAvram Iancu\u201d<\/a>, ace\u015ftia remarc\u00e2ndu-se \u00een cadrul ac\u021biunilor de supraveghere \u015fi control desf\u0103\u0219urate la frontiera de stat, dar \u00een mod special \u00een misiunile pentru combaterea infrac\u0163ionalit\u0103\u0163ii transfrontaliere \u0219i a migra\u021biei ilegale, av\u00e2nd o contribu\u021bie important\u0103 la rezultatele operative ob\u0163inute de structurile din care fac parte.<\/p>\n<p>Cu ocazia acestui moment festiv sunt promova\u021bi \u0219i eviden\u021bia\u021bi poli\u0163i\u015fti de frontier\u0103, ofi\u0163eri \u015fi agen\u0163i care \u00ee\u0219i desf\u0103\u0219oar\u0103 activitatea \u00een structurile Poli\u021biei de Frontier\u0103, speciali\u0219ti \u00een supravegherea frontierei terestre, fluviale, maritime, aeroportuare, care sunt eviden\u021bia\u021bi \u015fi recompensa\u0163i prin avansare \u00een gradul profesional urm\u0103tor, \u00eenaintea \u00eendeplinirii stagiului minim, pentru merite deosebite avute \u00een misiunile operative desf\u0103\u0219urate, at\u00e2t pe teritoriul \u021b\u0103rii, c\u00e2t \u015fi \u00een urma particip\u0103rii la opera\u0163iunile comune organizate de Agen\u021bia Frontex.<\/p>\n","protected":false},"excerpt":{"rendered":"<p>Ziua Poli\u021biei de Frontier\u0103 din Rom\u00e2nia este s\u0103rb\u0103torit\u0103 pe 24 iulie. Alegerea acestei date este legat\u0103 de unirea celor dou\u0103 structuri gr\u0103nicere\u0219ti din Moldova \u0219i \u021aara Rom\u00e2neasc\u0103 de c\u0103tre domnitorul Alexandru Ioan Cuza. Prin \u00cenaltul Decret Domnesc num\u0103rul 893 din 24 iulie 1864 al domnitorului Alexandru Ioan Cuza se prevedea organizarea gr\u0103nicerilor din Moldova dup\u0103 [&hellip;]<\/p>\n","protected":false},"author":1,"featured_media":14411,"comment_status":"closed","ping_status":"closed","sticky":false,"template":"","format":"standard","meta":{"_seopress_robots_primary_cat":"none","_seopress_titles_title":"24 iulie \u21ac ziua Poli\u0163iei de Frontier\u0103","_seopress_titles_desc":"Ziua Poli\u021biei de Frontier\u0103 este dedicat\u0103 recunoa\u0219terii \u0219i aprecierii eforturilor poli\u021bi\u0219tilor de frontier\u0103 \u00een protejarea grani\u021belor \u021b\u0103rii, prevenirea \u0219i combate","_seopress_robots_index":"","inline_featured_image":false,"footnotes":""},"categories":[1],"tags":[],"class_list":["post-14875","post","type-post","status-publish","format-standard","has-post-thumbnail","hentry","category-uncategorized"],"_links":{"self":[{"href":"https:\/\/eadmitere.ro\/politie\/wp-json\/wp\/v2\/posts\/14875","targetHints":{"allow":["GET"]}}],"collection":[{"href":"https:\/\/eadmitere.ro\/politie\/wp-json\/wp\/v2\/posts"}],"about":[{"href":"https:\/\/eadmitere.ro\/politie\/wp-json\/wp\/v2\/types\/post"}],"author":[{"embeddable":true,"href":"https:\/\/eadmitere.ro\/politie\/wp-json\/wp\/v2\/users\/1"}],"replies":[{"embeddable":true,"href":"https:\/\/eadmitere.ro\/politie\/wp-json\/wp\/v2\/comments?post=14875"}],"version-history":[{"count":0,"href":"https:\/\/eadmitere.ro\/politie\/wp-json\/wp\/v2\/posts\/14875\/revisions"}],"wp:featuredmedia":[{"embeddable":true,"href":"https:\/\/eadmitere.ro\/politie\/wp-json\/wp\/v2\/media\/14411"}],"wp:attachment":[{"href":"https:\/\/eadmitere.ro\/politie\/wp-json\/wp\/v2\/media?parent=14875"}],"wp:term":[{"taxonomy":"category","embeddable":true,"href":"https:\/\/eadmitere.ro\/politie\/wp-json\/wp\/v2\/categories?post=14875"},{"taxonomy":"post_tag","embeddable":true,"href":"https:\/\/eadmitere.ro\/politie\/wp-json\/wp\/v2\/tags?post=14875"}],"curies":[{"name":"wp","href":"https:\/\/api.w.org\/{rel}","templated":true}]}}