{"id":14888,"date":"2023-06-18T05:46:58","date_gmt":"2023-06-18T02:46:58","guid":{"rendered":"https:\/\/eadmitere.ro\/politie\/?p=14888"},"modified":"2023-06-08T18:51:33","modified_gmt":"2023-06-08T15:51:33","slug":"13-septembrie-ziua-pompierilor-din-romania","status":"publish","type":"post","link":"https:\/\/eadmitere.ro\/politie\/13-septembrie-ziua-pompierilor-din-romania\/","title":{"rendered":"13 septembrie \u21ac Ziua Pompierilor din Rom\u00e2nia"},"content":{"rendered":"<p>13 septembrie a fost desemnat\u0103 ca <strong>Ziua Pompierilor din Rom\u00e2nia<\/strong>, \u00een cinstea eroismului de care a dat dovad\u0103 subunitatea de pompieri \u00een B\u0103t\u0103lia din Dealul Spirii din Bucure\u0219ti din timpul Revolu\u021biei Rom\u00e2ne din 1848.<\/p>\n<p>Data de 13 Septembrie 1848 reprezint\u0103 un moment crucial \u00een istoria Rom\u00e2niei, este ziua \u00een care compania de pompieri comandat\u0103 de c\u0103pitanul <a href=\"https:\/\/eadmitere.ro\/politie\/cine-a-fost-pavel-zaganescu\/\">Pavel Z\u0103g\u0103nescu<\/a> s-a ridicat, cu un curaj exemplar, \u00eempotriva trupelor otomane venite s\u0103 \u00een\u0103bu\u015fe Revolu\u0163ia, salv\u00e2nd prin jertfa lor, crezul neamului rom\u00e2nesc.<\/p>\n<p>Pompierii din Rom\u00e2nia sunt responsabili de gestionarea \u0219i interven\u021bia \u00een cazuri de incendii, dar \u0219i \u00een situa\u021bii de urgen\u021b\u0103 precum dezastre naturale, accidente cu substan\u021be periculoase, salv\u0103ri din ap\u0103 sau alte situa\u021bii de risc. Ei sunt antrena\u021bi \u0219i echipa\u021bi pentru a r\u0103spunde rapid \u0219i eficient \u00een astfel de situa\u021bii \u0219i pentru a proteja popula\u021bia \u0219i propriet\u0103\u021bile.<\/p>\n<p>Pe data de 13 septembrie, membrii pompierilor din Rom\u00e2nia, at\u00e2t cei activi, c\u00e2t \u0219i cei \u00een rezerv\u0103, sunt omagia\u021bi pentru curajul, devotamentul \u0219i sacrificiul lor \u00een protejarea vie\u021bii \u0219i a propriet\u0103\u021bii oamenilor. <a href=\"https:\/\/eadmitere.ro\/politie\/facultatea-de-pompieri-din-cadrul-academiei-de-politie-alexandru-ioan-cuza\/\">Facultatea de Pompieri \u201eAlexandru Ioan Cuza\u201d<\/a> \u0219i <a href=\"https:\/\/eadmitere.ro\/politie\/scoala-de-subofiteri-pompieri-pavel-zaganescu\/\">\u015ecoala de Subofi\u0163eri Pompieri \u015fi Protec\u0163ie Civil\u0103 \u201ePavel Z\u0103g\u0103nescu\u201d<\/a> organizeaz\u0103 ceremonii, defil\u0103ri \u0219i evenimente speciale pentru a eviden\u021bia munca pompierilor \u0219i pentru a promova con\u0219tientizarea asupra importan\u021bei prevenirii \u0219i gestion\u0103rii situa\u021biilor de urgen\u021b\u0103.<\/p>\n<p>Este important s\u0103 men\u021bion\u0103m c\u0103 pompierii se confrunt\u0103 adesea cu riscuri semnificative \u00een misiunile lor, pun\u00e2ndu-\u0219i adesea propria siguran\u021b\u0103 \u00een pericol pentru a salva vie\u021bi \u0219i a proteja bunurile semenilor lor. Ziua Pompierilor din Rom\u00e2nia este, prin urmare, o ocazie de a le aduce recunoa\u0219tere \u0219i respect pentru munca lor valoroas\u0103 \u0219i pentru sacrificiile pe care le fac \u00een slujba comunit\u0103\u021bii.<\/p>\n<p>Aceast\u0103 zi reprezint\u0103, de asemenea, un prilej de a educa \u0219i informa publicul cu privire la m\u0103surile de prevenire \u0219i ac\u021biunile adecvate \u00een caz de incendiu sau alte situa\u021bii de urgen\u021b\u0103, promov\u00e2nd astfel siguran\u021ba \u0219i con\u0219tientizarea \u00een r\u00e2ndul popula\u021biei.<\/p>\n","protected":false},"excerpt":{"rendered":"<p>13 septembrie a fost desemnat\u0103 ca Ziua Pompierilor din Rom\u00e2nia, \u00een cinstea eroismului de care a dat dovad\u0103 subunitatea de pompieri \u00een B\u0103t\u0103lia din Dealul Spirii din Bucure\u0219ti din timpul Revolu\u021biei Rom\u00e2ne din 1848. Data de 13 Septembrie 1848 reprezint\u0103 un moment crucial \u00een istoria Rom\u00e2niei, este ziua \u00een care compania de pompieri comandat\u0103 de [&hellip;]<\/p>\n","protected":false},"author":1,"featured_media":14411,"comment_status":"closed","ping_status":"closed","sticky":false,"template":"","format":"standard","meta":{"_seopress_robots_primary_cat":"none","_seopress_titles_title":"13 septembrie \u21ac Ziua Pompierilor din Rom\u00e2nia","_seopress_titles_desc":"13 septembrie a fost desemnat\u0103 ca Ziua Pompierilor din Rom\u00e2nia, \u00een cinstea eroismului de care a dat dovad\u0103 subunitatea de pompieri \u00een B\u0103t\u0103lia din Dealul Spirii","_seopress_robots_index":"","inline_featured_image":false,"footnotes":""},"categories":[1],"tags":[],"class_list":["post-14888","post","type-post","status-publish","format-standard","has-post-thumbnail","hentry","category-uncategorized"],"_links":{"self":[{"href":"https:\/\/eadmitere.ro\/politie\/wp-json\/wp\/v2\/posts\/14888","targetHints":{"allow":["GET"]}}],"collection":[{"href":"https:\/\/eadmitere.ro\/politie\/wp-json\/wp\/v2\/posts"}],"about":[{"href":"https:\/\/eadmitere.ro\/politie\/wp-json\/wp\/v2\/types\/post"}],"author":[{"embeddable":true,"href":"https:\/\/eadmitere.ro\/politie\/wp-json\/wp\/v2\/users\/1"}],"replies":[{"embeddable":true,"href":"https:\/\/eadmitere.ro\/politie\/wp-json\/wp\/v2\/comments?post=14888"}],"version-history":[{"count":0,"href":"https:\/\/eadmitere.ro\/politie\/wp-json\/wp\/v2\/posts\/14888\/revisions"}],"wp:featuredmedia":[{"embeddable":true,"href":"https:\/\/eadmitere.ro\/politie\/wp-json\/wp\/v2\/media\/14411"}],"wp:attachment":[{"href":"https:\/\/eadmitere.ro\/politie\/wp-json\/wp\/v2\/media?parent=14888"}],"wp:term":[{"taxonomy":"category","embeddable":true,"href":"https:\/\/eadmitere.ro\/politie\/wp-json\/wp\/v2\/categories?post=14888"},{"taxonomy":"post_tag","embeddable":true,"href":"https:\/\/eadmitere.ro\/politie\/wp-json\/wp\/v2\/tags?post=14888"}],"curies":[{"name":"wp","href":"https:\/\/api.w.org\/{rel}","templated":true}]}}