{"id":15436,"date":"2023-08-06T08:22:53","date_gmt":"2023-08-06T05:22:53","guid":{"rendered":"https:\/\/eadmitere.ro\/politie\/?p=15436"},"modified":"2023-08-31T09:35:24","modified_gmt":"2023-08-31T06:35:24","slug":"cine-sunt-ocrotitorii-spirituali-ai-politiei-penitenciare","status":"publish","type":"post","link":"https:\/\/eadmitere.ro\/politie\/cine-sunt-ocrotitorii-spirituali-ai-politiei-penitenciare\/","title":{"rendered":"Cine sunt ocrotitorii spirituali ai Poli\u021biei Penitenciare?"},"content":{"rendered":"<p><strong><a href=\"https:\/\/eadmitere.ro\/politie\/cine-au-fost-sfintii-petru-si-pavel\/\">Sfin\u021bii Petru \u0219i Pavel<\/a> sunt considera\u021bi ocrotitorii sau patronii spirituali ai penitenciarelor<\/strong>. \u00cen amintirea lor, \u00een Rom\u00e2nia, ziua 29 iunie este s\u0103rb\u0103torit\u0103 \u0219i ca Ziua personalului din Sistemul Poli\u021biei Penitenciare. Cu aceast\u0103 ocazie elevii \u0219i personalul <a href=\"https:\/\/eadmitere.ro\/politie\/scoala-nationala-de-pregatire-a-agentilor-de-penitenciare\/\">\u015ecolii Na\u0163ionale de Preg\u0103tire a Agen\u0163ilor de Penitenciare<\/a> organizeaz\u0103 ceremonii religioase \u0219i laice.<\/p>\n<p>Sf\u00e2ntul Petru este considerat ocrotitorul principal al penitenciarelor \u0219i al celor care sunt \u00een deten\u021bie. Aceasta se datoreaz\u0103 faptului c\u0103 \u00een tradi\u021bie el este considerat a fi fost \u00eentemni\u021bat \u0219i a suferit martiriul \u00een timpul persecu\u021biilor cre\u0219tine din Roma. De asemenea, Petru este considerat ocrotitorul celor care \u00ee\u0219i caut\u0103 iertarea \u0219i reabilitarea pentru p\u0103catele lor. Este obi\u0219nuit ca \u00een multe penitenciare s\u0103 existe capel\u0103 sau locuri de rug\u0103ciune dedicate Sf\u00e2ntului Petru.<\/p>\n<p>Sf\u00e2ntul Pavel, de asemenea, este adesea asociat cu ocrotirea penitenciarelor. De\u0219i nu a fost \u00eenchis \u00een aceea\u0219i m\u0103sur\u0103 ca \u0219i Sf\u00e2ntul Petru, el a petrecut o parte semnificativ\u0103 din via\u021ba sa \u00een \u00eenchisori \u0219i \u00een deten\u021bie din cauza credin\u021bei sale. Epistolele pe care le-a scris \u00een timpul deten\u021biei sale, cum ar fi Epistola c\u0103tre Filipeni sau Epistola c\u0103tre Efeseni, reflect\u0103 experien\u021ba sa \u0219i \u00een\u021belepciunea dob\u00e2ndit\u0103 \u00een timpul deten\u021biei. Astfel, Pavel este adesea privit ca un exemplu de transformare \u0219i reconciliere, oferind speran\u021b\u0103 celor care sunt \u00een \u00eenchisoare sau care \u00ee\u0219i caut\u0103 o cale de ie\u0219ire dintr-un trecut gre\u0219it.<\/p>\n<p>Este important s\u0103 men\u021bion\u0103m c\u0103 asocierea Sfin\u021bilor Petru \u0219i Pavel cu ocrotirea penitenciarelor este o tradi\u021bie \u0219i o devotare specific\u0103 \u00een anumite cercuri cre\u0219tine, iar aceasta poate varia \u00een func\u021bie de contextul religios \u0219i cultural.<\/p>\n","protected":false},"excerpt":{"rendered":"<p>Sfin\u021bii Petru \u0219i Pavel sunt considera\u021bi ocrotitorii sau patronii spirituali ai penitenciarelor. \u00cen amintirea lor, \u00een Rom\u00e2nia, ziua 29 iunie este s\u0103rb\u0103torit\u0103 \u0219i ca Ziua personalului din Sistemul Poli\u021biei Penitenciare. Cu aceast\u0103 ocazie elevii \u0219i personalul \u015ecolii Na\u0163ionale de Preg\u0103tire a Agen\u0163ilor de Penitenciare organizeaz\u0103 ceremonii religioase \u0219i laice. Sf\u00e2ntul Petru este considerat ocrotitorul principal [&hellip;]<\/p>\n","protected":false},"author":1,"featured_media":14411,"comment_status":"closed","ping_status":"closed","sticky":false,"template":"","format":"standard","meta":{"_seopress_robots_primary_cat":"none","_seopress_titles_title":"Cine sunt ocrotitorii spirituali ai Poli\u021biei Penitenciare?","_seopress_titles_desc":"Sfin\u021bii Petru \u0219i Pavel sunt considera\u021bi ocrotitorii sau patronii spirituali ai penitenciarelor. \u00cen amintirea lor, \u00een Rom\u00e2nia, ziua 29 iunie este s\u0103rb\u0103torit\u0103 \u0219i ","_seopress_robots_index":"","inline_featured_image":false,"footnotes":""},"categories":[1],"tags":[],"class_list":["post-15436","post","type-post","status-publish","format-standard","has-post-thumbnail","hentry","category-uncategorized"],"_links":{"self":[{"href":"https:\/\/eadmitere.ro\/politie\/wp-json\/wp\/v2\/posts\/15436","targetHints":{"allow":["GET"]}}],"collection":[{"href":"https:\/\/eadmitere.ro\/politie\/wp-json\/wp\/v2\/posts"}],"about":[{"href":"https:\/\/eadmitere.ro\/politie\/wp-json\/wp\/v2\/types\/post"}],"author":[{"embeddable":true,"href":"https:\/\/eadmitere.ro\/politie\/wp-json\/wp\/v2\/users\/1"}],"replies":[{"embeddable":true,"href":"https:\/\/eadmitere.ro\/politie\/wp-json\/wp\/v2\/comments?post=15436"}],"version-history":[{"count":0,"href":"https:\/\/eadmitere.ro\/politie\/wp-json\/wp\/v2\/posts\/15436\/revisions"}],"wp:featuredmedia":[{"embeddable":true,"href":"https:\/\/eadmitere.ro\/politie\/wp-json\/wp\/v2\/media\/14411"}],"wp:attachment":[{"href":"https:\/\/eadmitere.ro\/politie\/wp-json\/wp\/v2\/media?parent=15436"}],"wp:term":[{"taxonomy":"category","embeddable":true,"href":"https:\/\/eadmitere.ro\/politie\/wp-json\/wp\/v2\/categories?post=15436"},{"taxonomy":"post_tag","embeddable":true,"href":"https:\/\/eadmitere.ro\/politie\/wp-json\/wp\/v2\/tags?post=15436"}],"curies":[{"name":"wp","href":"https:\/\/api.w.org\/{rel}","templated":true}]}}