{"id":15440,"date":"2023-08-07T08:55:36","date_gmt":"2023-08-07T05:55:36","guid":{"rendered":"https:\/\/eadmitere.ro\/politie\/?p=15440"},"modified":"2023-08-13T17:13:31","modified_gmt":"2023-08-13T14:13:31","slug":"cine-este-ocrotitorul-spiritual-al-politiei-de-frontiera","status":"publish","type":"post","link":"https:\/\/eadmitere.ro\/politie\/cine-este-ocrotitorul-spiritual-al-politiei-de-frontiera\/","title":{"rendered":"Cine este ocrotitorul spiritual al Poli\u021biei de Frontier\u0103?"},"content":{"rendered":"<p><strong>Protectorul spiritual al Poli\u021biei de Frontier\u0103<\/strong> este <a href=\"https:\/\/eadmitere.ro\/politie\/cine-a-fost-sfantul-voievod-stefan-cel-mare\/\">Sf\u00e2ntul Voievod \u0218tefan cel Mare<\/a>. El este considerat a fi un simbol potrivit pentru o institu\u021bie precum Poli\u021bia de Frontier\u0103, care are rolul de a asigura securitatea \u0219i integritatea grani\u021belor \u021b\u0103rii.<\/p>\n<p>Personalitate marcant\u0103 a istoriei Rom\u00e2niei, \u00eenzestrat\u0103 cu mari calit\u0103\u021bi de om de stat, diplomat \u0219i conduc\u0103tor militar, \u0218tefan cel Mare \u015fi Sf\u00e2nt este omagiat an de an la data de 2 iulie de c\u0103tre to\u0163i poli\u0163i\u015ftii de frontier\u0103 care \u00ee\u015fi desf\u0103\u015foar\u0103 activitatea \u00een \u0163ar\u0103 sau pretutindeni.<\/p>\n<p>Av\u00e2nd la baz\u0103 at\u00e2t documentele istorice binecunoscute c\u00e2t \u015fi con\u0163inutul scrierilor Bisericii Ortodoxe Rom\u00e2ne, \u00eencep\u00e2nd din mai 2008, <a href=\"https:\/\/eadmitere.ro\/politie\/cine-a-fost-sfantul-voievod-stefan-cel-mare\/\">Dreptcredinciosul Voievod \u015etefan Cel Mare \u015fi Sf\u00e2nt<\/a> a fost consfin\u0163it ca protector spiritual al Poli\u0163iei de Frontier\u0103 Rom\u00e2ne.<\/p>\n","protected":false},"excerpt":{"rendered":"<p>Protectorul spiritual al Poli\u021biei de Frontier\u0103 este Sf\u00e2ntul Voievod \u0218tefan cel Mare. El este considerat a fi un simbol potrivit pentru o institu\u021bie precum Poli\u021bia de Frontier\u0103, care are rolul de a asigura securitatea \u0219i integritatea grani\u021belor \u021b\u0103rii. Personalitate marcant\u0103 a istoriei Rom\u00e2niei, \u00eenzestrat\u0103 cu mari calit\u0103\u021bi de om de stat, diplomat \u0219i conduc\u0103tor militar, [&hellip;]<\/p>\n","protected":false},"author":1,"featured_media":14411,"comment_status":"closed","ping_status":"closed","sticky":false,"template":"","format":"standard","meta":{"_seopress_robots_primary_cat":"none","_seopress_titles_title":"Cine este ocrotitorul spiritual al Poli\u021biei de Frontier\u0103?","_seopress_titles_desc":"Protectorul spiritual al Poli\u021biei de Frontier\u0103 este Dreptcredinciosul Voievod \u015etefan Cel Mare \u015fi Sf\u00e2nt. El este considerat a fi un simbol potrivit pentru ","_seopress_robots_index":"","inline_featured_image":false,"footnotes":""},"categories":[1],"tags":[],"class_list":["post-15440","post","type-post","status-publish","format-standard","has-post-thumbnail","hentry","category-uncategorized"],"_links":{"self":[{"href":"https:\/\/eadmitere.ro\/politie\/wp-json\/wp\/v2\/posts\/15440","targetHints":{"allow":["GET"]}}],"collection":[{"href":"https:\/\/eadmitere.ro\/politie\/wp-json\/wp\/v2\/posts"}],"about":[{"href":"https:\/\/eadmitere.ro\/politie\/wp-json\/wp\/v2\/types\/post"}],"author":[{"embeddable":true,"href":"https:\/\/eadmitere.ro\/politie\/wp-json\/wp\/v2\/users\/1"}],"replies":[{"embeddable":true,"href":"https:\/\/eadmitere.ro\/politie\/wp-json\/wp\/v2\/comments?post=15440"}],"version-history":[{"count":0,"href":"https:\/\/eadmitere.ro\/politie\/wp-json\/wp\/v2\/posts\/15440\/revisions"}],"wp:featuredmedia":[{"embeddable":true,"href":"https:\/\/eadmitere.ro\/politie\/wp-json\/wp\/v2\/media\/14411"}],"wp:attachment":[{"href":"https:\/\/eadmitere.ro\/politie\/wp-json\/wp\/v2\/media?parent=15440"}],"wp:term":[{"taxonomy":"category","embeddable":true,"href":"https:\/\/eadmitere.ro\/politie\/wp-json\/wp\/v2\/categories?post=15440"},{"taxonomy":"post_tag","embeddable":true,"href":"https:\/\/eadmitere.ro\/politie\/wp-json\/wp\/v2\/tags?post=15440"}],"curies":[{"name":"wp","href":"https:\/\/api.w.org\/{rel}","templated":true}]}}