{"id":16949,"date":"2023-10-09T07:57:21","date_gmt":"2023-10-09T04:57:21","guid":{"rendered":"https:\/\/eadmitere.ro\/politie\/?p=16949"},"modified":"2023-10-09T08:08:27","modified_gmt":"2023-10-09T05:08:27","slug":"cine-este-ocrotitorul-spiritual-al-scolii-nationale-de-pregatire-a-agentilor-de-penitenciare-targu-ocna","status":"publish","type":"post","link":"https:\/\/eadmitere.ro\/politie\/cine-este-ocrotitorul-spiritual-al-scolii-nationale-de-pregatire-a-agentilor-de-penitenciare-targu-ocna\/","title":{"rendered":"Cine este ocrotitorul spiritual al \u015ecolii Na\u0163ionale de Preg\u0103tire a Agen\u0163ilor de Penitenciare T\u00e2rgu Ocna?"},"content":{"rendered":"<p>\u00cencep\u00e2nd cu data de 12 mai 2022, <strong>\u015ecoala Na\u0163ional\u0103 de Preg\u0103tire a Agen\u0163ilor de Penitenciare T\u00e2rgu Ocna<\/strong> are ca ocrotitor spiritual pe <a href=\"https:\/\/eadmitere.ro\/politie\/cine-a-fost-sfantul-voievod-constantin-brancoveanu\/\">Sf\u00e2ntul Voievod Constantin Br\u00e2ncoveanu<\/a>.<\/p>\n<p>Sf\u00e2ntul Voievod Constantin Br\u00e2ncoveanu a fost un domnitor al \u021a\u0103rii Rom\u00e2ne\u0219ti, care a domnit \u00een perioada 1688-1714. El este cunoscut pentru contribu\u021biile sale semnificative la cultura \u0219i spiritualitatea rom\u00e2neasc\u0103, precum \u0219i pentru moartea sa martiric\u0103.<\/p>\n<p>Constantin Br\u00e2ncoveanu a fost un domnitor \u00een\u021belept \u0219i un promotor al culturii \u0219i artei \u00een \u021aara Rom\u00e2neasc\u0103. El este cel mai bine cunoscut pentru stilul arhitectural distinctiv numit &#8220;stilul Br\u00e2ncovenesc&#8221;, care a influen\u021bat numeroase monumente istorice \u0219i biserici din acea perioad\u0103.<\/p>\n<p>\u00cen timpul domniei sale, <strong>Constantin Br\u00e2ncoveanu<\/strong> a promovat educa\u021bia \u0219i cultura, a sprijinit artele \u0219i a \u00eenfiin\u021bat \u0219coli. El a fost, de asemenea, un lider puternic \u0219i un ap\u0103r\u0103tor al credin\u021bei cre\u0219tine ortodoxe.<\/p>\n<p>Cu toate acestea, domnia lui Br\u00e2ncoveanu a fost marcat\u0103 de conflicte cu Imperiul Otoman, care a cerut supunerea \u0219i plata tributului. \u00cen cele din urm\u0103, el a fost capturat \u00eempreun\u0103 cu cei patru fii ai s\u0103i \u0219i un sfetnic \u00een 1714 \u0219i dus la Istanbul. Acolo, ei au fost supu\u0219i unor torturi \u0219i presiuni pentru a se converti la islam, dar au refuzat cu hot\u0103r\u00e2re.<\/p>\n<p>\u00cen cele din urm\u0103, Constantin Br\u00e2ncoveanu \u0219i fiii s\u0103i au fost executa\u021bi la 15 august 1714, devenind martiri ai credin\u021bei ortodoxe. Ei au fost canoniza\u021bi de Biserica Ortodox\u0103 Rom\u00e2n\u0103 \u0219i sunt cunoscu\u021bi ca Sf\u00e2ntul Voievod Constantin Br\u00e2ncoveanu \u0219i Sfin\u021bii Martiri Br\u00e2ncoveni.<\/p>\n<p>\u00cen scopul promov\u0103rii istoriei \u0219i memoriei sistemului penitenciar rom\u00e2nesc, precum \u0219i pentru asigurarea mediului educa\u021bional adecvat procesului de preg\u0103tire profesional\u0103 a poli\u021bi\u0219tilor de penitenciare, \u00een cadrul \u0218colii Na\u021bionale de Preg\u0103tire a Agen\u021bilor de Penitenciare T\u00e2rgu Ocna s-a constituit complexul cultural-istoric \u0219i religios \u201eMemorialul T\u00e2rgu Ocna\u201d, compus din:<\/p>\n<ul>\n<li>Monumentul Sf\u00e2ntului Voievod Constantin Br\u00e2ncoveanu;<\/li>\n<li>Muzeul Penitenciarelor;<\/li>\n<li>Biserica Sfin\u021bilor Martiri \u0219i M\u0103rturisitori din \u00cenchisorile comuniste;<\/li>\n<li>Capela \u201dSfin\u021bilor Rom\u00e2ni\u201d<\/li>\n<li>Calea Martirilor \u0219i M\u0103rturisitorilor<\/li>\n<\/ul>\n<p>Ridicarea Monumentului cu bustul Sf\u00e2ntului Voievod Constantin Br\u00e2ncoveanu este unul dintre obiectivele memoriei na\u021bionale din spa\u021biul <a href=\"https:\/\/eadmitere.ro\/politie\/scoala-nationala-de-pregatire-a-agentilor-de-penitenciare\/\">\u015ecolii Na\u0163ionale de Preg\u0103tire a Agen\u0163ilor de Penitenciare T\u00e2rgu Ocna<\/a>.<\/p>\n","protected":false},"excerpt":{"rendered":"<p>\u00cencep\u00e2nd cu data de 12 mai 2022, \u015ecoala Na\u0163ional\u0103 de Preg\u0103tire a Agen\u0163ilor de Penitenciare T\u00e2rgu Ocna are ca ocrotitor spiritual pe Sf\u00e2ntul Voievod Constantin Br\u00e2ncoveanu. Sf\u00e2ntul Voievod Constantin Br\u00e2ncoveanu a fost un domnitor al \u021a\u0103rii Rom\u00e2ne\u0219ti, care a domnit \u00een perioada 1688-1714. El este cunoscut pentru contribu\u021biile sale semnificative la cultura \u0219i spiritualitatea rom\u00e2neasc\u0103, [&hellip;]<\/p>\n","protected":false},"author":1,"featured_media":14411,"comment_status":"closed","ping_status":"closed","sticky":false,"template":"","format":"standard","meta":{"_seopress_robots_primary_cat":"none","_seopress_titles_title":"Cine este ocrotitorul spiritual al SNPAP T\u00e2rgu Ocna?","_seopress_titles_desc":"\u00cencep\u00e2nd cu 2022, \u015ecoala Na\u0163ional\u0103 de Preg\u0103tire a Agen\u0163ilor de Penitenciare T\u00e2rgu Ocna are ca ocrotitor spiritual pe Sf\u00e2ntul Voievod Constantin Br\u00e2ncoveanu.","_seopress_robots_index":"","inline_featured_image":false,"footnotes":""},"categories":[1],"tags":[],"class_list":["post-16949","post","type-post","status-publish","format-standard","has-post-thumbnail","hentry","category-uncategorized"],"_links":{"self":[{"href":"https:\/\/eadmitere.ro\/politie\/wp-json\/wp\/v2\/posts\/16949","targetHints":{"allow":["GET"]}}],"collection":[{"href":"https:\/\/eadmitere.ro\/politie\/wp-json\/wp\/v2\/posts"}],"about":[{"href":"https:\/\/eadmitere.ro\/politie\/wp-json\/wp\/v2\/types\/post"}],"author":[{"embeddable":true,"href":"https:\/\/eadmitere.ro\/politie\/wp-json\/wp\/v2\/users\/1"}],"replies":[{"embeddable":true,"href":"https:\/\/eadmitere.ro\/politie\/wp-json\/wp\/v2\/comments?post=16949"}],"version-history":[{"count":0,"href":"https:\/\/eadmitere.ro\/politie\/wp-json\/wp\/v2\/posts\/16949\/revisions"}],"wp:featuredmedia":[{"embeddable":true,"href":"https:\/\/eadmitere.ro\/politie\/wp-json\/wp\/v2\/media\/14411"}],"wp:attachment":[{"href":"https:\/\/eadmitere.ro\/politie\/wp-json\/wp\/v2\/media?parent=16949"}],"wp:term":[{"taxonomy":"category","embeddable":true,"href":"https:\/\/eadmitere.ro\/politie\/wp-json\/wp\/v2\/categories?post=16949"},{"taxonomy":"post_tag","embeddable":true,"href":"https:\/\/eadmitere.ro\/politie\/wp-json\/wp\/v2\/tags?post=16949"}],"curies":[{"name":"wp","href":"https:\/\/api.w.org\/{rel}","templated":true}]}}