{"id":17777,"date":"2024-01-24T20:42:54","date_gmt":"2024-01-24T18:42:54","guid":{"rendered":"https:\/\/eadmitere.ro\/politie\/?p=17777"},"modified":"2024-01-24T20:42:54","modified_gmt":"2024-01-24T18:42:54","slug":"unirea-principatelor-romane-o-istorie-a-solidaritatii-si-identitatii-nationale","status":"publish","type":"post","link":"https:\/\/eadmitere.ro\/politie\/unirea-principatelor-romane-o-istorie-a-solidaritatii-si-identitatii-nationale\/","title":{"rendered":"Unirea Principatelor Rom\u00e2ne: O istorie a solidarit\u0103\u021bii \u0219i identit\u0103\u021bii na\u021bionale"},"content":{"rendered":"<p>Unirea Principatelor Rom\u00e2ne, desf\u0103\u0219urat\u0103 \u00een anul 1859, reprezint\u0103 un moment epocal \u00een istoria rom\u00e2nilor \u0219i a contribuit semnificativ la configurarea statului rom\u00e2n modern. Acest eveniment a marcat \u00eenceputul procesului de formare a unui stat unitar \u0219i a reprezentat o manifestare a aspira\u021biilor na\u021bionale ale rom\u00e2nilor din cele dou\u0103 principate &#8211; Moldova \u0219i \u021aara Rom\u00e2neasc\u0103. \u00cen acest articol, vom explora contextul istoric al Unirii, factorii care au condus la acest eveniment \u0219i consecin\u021bele sale asupra evolu\u021biei istorice a Rom\u00e2niei.<\/p>\n<p><strong>Contextul Istoric al Unirii<\/strong><\/p>\n<p>La mijlocul secolului al XIX-lea, Principatele Rom\u00e2ne se aflau sub suzeranitatea Otoman\u0103, dar beneficiaser\u0103 de o anumit\u0103 autonomie administrativ\u0103. \u00cens\u0103, aceast\u0103 autonomie a fost \u00eenso\u021bit\u0103 de instabilitate politic\u0103 \u0219i de presiuni externe, \u00een special din partea Marilor Puteri europene, care \u0219i-au manifestat interesul \u00een aceast\u0103 regiune strategic\u0103. Prin\u021bii domnitori din Moldova \u0219i \u021aara Rom\u00e2neasc\u0103 se aflau sub o presiune continu\u0103 pentru a men\u021bine echilibrul \u00eentre interesele otomane, ale Marilor Puteri \u0219i aspira\u021biile na\u021bionale ale propriilor lor popoare.<\/p>\n<p><strong>Factori care au condus la Unire<\/strong><\/p>\n<ol>\n<li><strong>Mi\u0219carea Na\u021bional\u0103:<\/strong> \u00cen a doua jum\u0103tate a secolului al XIX-lea, a ap\u0103rut o puternic\u0103 mi\u0219care na\u021bional\u0103 \u00een r\u00e2ndul rom\u00e2nilor, alimentat\u0103 de idei precum cele ale Revolu\u021biei de la 1848 \u0219i ale na\u021bionalismului romantic. Intelectualii \u0219i liderii na\u021bionali au \u00eenceput s\u0103 promoveze ideea unei identit\u0103\u021bi comune \u0219i a unit\u0103\u021bii na\u021bionale.<\/li>\n<li><strong>Domnitorii Reformatori:<\/strong> Alegerea lui Alexandru Ioan Cuza \u00een 1859 ca domnitor \u00een ambele principate a reprezentat un pas crucial spre unire. Cuza a fost un lider reformator, pled\u00e2nd pentru modernizarea institu\u021biilor \u0219i a administra\u021biei, iar sus\u021binerea lui pentru unirea celor dou\u0103 principate a generat entuziasm \u0219i sprijin din partea popula\u021biei.<\/li>\n<li><strong>Conferin\u021bele de la Paris \u0219i Conven\u021biile Interna\u021bionale:<\/strong> Contextul interna\u021bional a avut, de asemenea, un impact semnificativ. Conferin\u021bele de la Paris din 1856 \u0219i 1858 au condus la adoptarea unor m\u0103suri care s\u0103 consolideze autonomia Principatelor Rom\u00e2ne \u0219i s\u0103 permit\u0103 alegerile libere ale domnitorilor. Acest lucru a facilitat alegerea lui Cuza \u0219i a deschis calea c\u0103tre Unire.<\/li>\n<\/ol>\n<p><strong>Desf\u0103\u0219urarea Unirii \u0219i Reac\u021bii<\/strong><\/p>\n<p>\u00cen data de 5 ianuarie 1859, \u00een urma alegerilor libere, Alexandru Ioan Cuza a fost ales domnitor al Moldovei, iar \u00een 24 ianuarie al \u021a\u0103rii Rom\u00e2ne\u0219ti. \u00cen semn de solidaritate \u0219i recunoa\u0219tere a comuniunii de idealuri na\u021bionale, adun\u0103rile ad-hoc ale celor dou\u0103 principate au cerut Unirea. Astfel, Unirea Principatelor Rom\u00e2ne s-a realizat \u00een mod pa\u0219nic \u0219i \u00eentr-un context legal.<\/p>\n<p>Reac\u021biile la Unire au fost diverse. De\u0219i majoritatea popula\u021biei a salutat evenimentul ca pe o realizare important\u0103 a visului na\u021bional, existau \u0219i critici, \u00een special din partea for\u021belor conservatoare \u0219i a celor care se temeau de posibilele represalii otomane. Cu toate acestea, Unirea a fost recunoscut\u0103 \u0219i de Marile Puteri prin Conven\u021bia de la Paris din 1858, care a consfin\u021bit autonomia de facto a celor dou\u0103 principate.<\/p>\n<p><strong>Consecin\u021bele Unirii<\/strong><\/p>\n<ol>\n<li><strong>Consolidarea Identit\u0103\u021bii Na\u021bionale:<\/strong> Unirea Principatelor Rom\u00e2ne a contribuit la consolidarea identit\u0103\u021bii na\u021bionale rom\u00e2ne\u0219ti. Popula\u021bia a \u00eenceput s\u0103 se perceap\u0103 din ce \u00een ce mai mult ca o na\u021biune unit\u0103, cu o istorie \u0219i o cultur\u0103 comun\u0103.<\/li>\n<li><strong>Institu\u021bii Modernizate:<\/strong> Cuza a pus bazele unor reforme radicale, inclusiv a reformei agrare \u0219i a \u00eenv\u0103\u021b\u0103m\u00e2ntului. Aceste schimb\u0103ri au modernizat societatea \u0219i au creat bazele pentru dezvoltarea ulterioar\u0103 a statului rom\u00e2n.<\/li>\n<li><strong>Continuarea Luptei pentru Independen\u021b\u0103:<\/strong> Unirea a reprezentat doar un prim pas \u00een lupta pentru independen\u021b\u0103. Ulterior, \u00een 1877-1878, Rom\u00e2nia \u0219i-a ob\u021binut independen\u021ba fa\u021b\u0103 de Imperiul Otoman, consolid\u00e2ndu-\u0219i statutul de stat suveran.<\/li>\n<\/ol>\n<p><strong>Concluzie<\/strong><\/p>\n<p>Unirea Principatelor Rom\u00e2ne a fost un moment de r\u0103scruce \u00een istoria Rom\u00e2niei, marc\u00e2nd \u00eenceputul form\u0103rii statului rom\u00e2n modern \u0219i consolidarea identit\u0103\u021bii na\u021bionale. A fost rezultatul unei combina\u021bii de factori interni \u0219i externi, precum \u0219i a eforturilor liderilor reformatori \u0219i al sus\u021binerii popula\u021biei. Unirea a fost nu doar un eveniment istoric, ci \u0219i o expresie a voin\u021bei de a dep\u0103\u0219i diviziunile \u0219i de a construi o na\u021biune unit\u0103. Astfel, aceast\u0103 pagin\u0103 din istoria rom\u00e2nilor r\u0103m\u00e2ne una plin\u0103 de \u00eenv\u0103\u021b\u0103minte \u0219i inspira\u021bie pentru genera\u021biile viitoare.<\/p>\n","protected":false},"excerpt":{"rendered":"<p>Unirea Principatelor Rom\u00e2ne, desf\u0103\u0219urat\u0103 \u00een anul 1859, reprezint\u0103 un moment epocal \u00een istoria rom\u00e2nilor \u0219i a contribuit semnificativ la configurarea statului rom\u00e2n modern. Acest eveniment a marcat \u00eenceputul procesului de formare a unui stat unitar \u0219i a reprezentat o manifestare a aspira\u021biilor na\u021bionale ale rom\u00e2nilor din cele dou\u0103 principate &#8211; Moldova \u0219i \u021aara Rom\u00e2neasc\u0103. \u00cen [&hellip;]<\/p>\n","protected":false},"author":1,"featured_media":14411,"comment_status":"closed","ping_status":"closed","sticky":false,"template":"","format":"standard","meta":{"_seopress_robots_primary_cat":"none","_seopress_titles_title":"Unirea Principatelor Rom\u00e2ne: Solidaritate \u0219i identitate na\u021bional\u0103","_seopress_titles_desc":"Unirea Principatelor Rom\u00e2ne, desf\u0103\u0219urat\u0103 \u00een anul 1859, reprezint\u0103 un moment epocal \u00een istoria rom\u00e2nilor \u0219i a contribuit semnificativ la configurarea statului...","_seopress_robots_index":"","inline_featured_image":false,"footnotes":""},"categories":[1],"tags":[],"class_list":["post-17777","post","type-post","status-publish","format-standard","has-post-thumbnail","hentry","category-uncategorized"],"_links":{"self":[{"href":"https:\/\/eadmitere.ro\/politie\/wp-json\/wp\/v2\/posts\/17777","targetHints":{"allow":["GET"]}}],"collection":[{"href":"https:\/\/eadmitere.ro\/politie\/wp-json\/wp\/v2\/posts"}],"about":[{"href":"https:\/\/eadmitere.ro\/politie\/wp-json\/wp\/v2\/types\/post"}],"author":[{"embeddable":true,"href":"https:\/\/eadmitere.ro\/politie\/wp-json\/wp\/v2\/users\/1"}],"replies":[{"embeddable":true,"href":"https:\/\/eadmitere.ro\/politie\/wp-json\/wp\/v2\/comments?post=17777"}],"version-history":[{"count":0,"href":"https:\/\/eadmitere.ro\/politie\/wp-json\/wp\/v2\/posts\/17777\/revisions"}],"wp:featuredmedia":[{"embeddable":true,"href":"https:\/\/eadmitere.ro\/politie\/wp-json\/wp\/v2\/media\/14411"}],"wp:attachment":[{"href":"https:\/\/eadmitere.ro\/politie\/wp-json\/wp\/v2\/media?parent=17777"}],"wp:term":[{"taxonomy":"category","embeddable":true,"href":"https:\/\/eadmitere.ro\/politie\/wp-json\/wp\/v2\/categories?post=17777"},{"taxonomy":"post_tag","embeddable":true,"href":"https:\/\/eadmitere.ro\/politie\/wp-json\/wp\/v2\/tags?post=17777"}],"curies":[{"name":"wp","href":"https:\/\/api.w.org\/{rel}","templated":true}]}}