{"id":17978,"date":"2024-12-23T22:04:26","date_gmt":"2024-12-23T20:04:26","guid":{"rendered":"https:\/\/eadmitere.ro\/politie\/?p=17978"},"modified":"2024-12-23T22:04:26","modified_gmt":"2024-12-23T20:04:26","slug":"urari-de-craciun-pentru-viitorii-politisti-politisti-de-frontiera-politisti-de-penitenciare-pompieri-si-jandarmi","status":"publish","type":"post","link":"https:\/\/eadmitere.ro\/politie\/urari-de-craciun-pentru-viitorii-politisti-politisti-de-frontiera-politisti-de-penitenciare-pompieri-si-jandarmi\/","title":{"rendered":"Ur\u0103ri de Cr\u0103ciun pentru viitorii poli\u021bi\u0219ti, poli\u021bi\u0219ti de frontier\u0103, poli\u021bi\u0219ti de penitenciare, pompieri \u0219i jandarmi"},"content":{"rendered":"<p>Cr\u0103ciunul este un prilej de bucurie, reflec\u021bie \u0219i reconectare cu valorile care ne ghideaz\u0103 via\u021ba. Pentru viitorii ap\u0103r\u0103tori ai ordinii \u0219i siguran\u021bei publice, aceast\u0103 s\u0103rb\u0103toare aduce nu doar momente de lini\u0219te, ci \u0219i un imbold pentru misiunea pe care \u0219i-au ales-o. Este momentul s\u0103 ne exprim\u0103m recuno\u0219tin\u021ba \u0219i s\u0103 oferim cuvinte de \u00eencurajare celor care se preg\u0103tesc s\u0103 devin\u0103 eroii zilei de m\u00e2ine.<\/p>\n<p>\u2764\ufe0f <strong>Pentru viitorii poli\u021bi\u0219ti:<\/strong> \u201eCr\u0103ciun fericit! S\u0103rb\u0103torile s\u0103 v\u0103 g\u0103seasc\u0103 cu inima plin\u0103 de curaj \u0219i determinare pentru a ap\u0103ra dreptatea \u0219i a servi comunitatea cu onoare. Fie ca luminile bradului de Cr\u0103ciun s\u0103 v\u0103 inspire s\u0103 fi\u021bi mereu lumina \u00een vremurile dificile pentru cei care au nevoie de voi. Aminti\u021bi-v\u0103 c\u0103 munca voastr\u0103 va fi \u00eentotdeauna un pilon al \u00eencrederii publice.\u201d<\/p>\n<p>\ud83c\udfa9 <strong>Pentru viitorii poli\u021bi\u0219ti de frontier\u0103:<\/strong> \u201eCr\u0103ciun binecuv\u00e2ntat! S\u0103rb\u0103torile s\u0103 v\u0103 aduc\u0103 pace sufleteasc\u0103 \u0219i credin\u021ba c\u0103 grani\u021bele pe care le ve\u021bi proteja vor r\u0103m\u00e2ne mereu un simbol al siguran\u021bei \u0219i unit\u0103\u021bii na\u021bionale. Fie ca spiritul Cr\u0103ciunului s\u0103 v\u0103 ajute s\u0103 \u00eencepe\u021bi noul an cu for\u021ba de a face fa\u021b\u0103 oric\u0103rei provoc\u0103ri. \u00cen fa\u021ba oric\u0103rui obstacol, curajul vostru va fi cel care va face diferen\u021ba.\u201d<\/p>\n<p>\ud83c\udfe1 <strong>Pentru viitorii poli\u021bi\u0219ti de penitenciare:<\/strong> \u201eCr\u0103ciun lini\u0219tit! Fie ca s\u0103rb\u0103torile s\u0103 v\u0103 re\u00eencarce spiritul cu r\u0103bdare, empatie \u0219i echilibru, valori esen\u021biale pentru drumul pe care l-a\u021bi ales. Lumina Cr\u0103ciunului s\u0103 v\u0103 fie c\u0103l\u0103uz\u0103 \u00een misiunea de a aduce speran\u021b\u0103 \u0219i schimbare. \u00cen fiecare zi, ve\u021bi contribui la reabilitarea \u0219i reintegrarea celor care au nevoie de o a doua \u0219ans\u0103.\u201d<\/p>\n<p>\ud83d\ude92 <strong>Pentru viitorii pompieri:<\/strong> \u201eCr\u0103ciun fericit \u0219i plin de c\u0103ldur\u0103 sufleteasc\u0103! S\u0103rb\u0103torile s\u0103 v\u0103 inspire curajul \u0219i devotamentul de a salva vie\u021bi \u0219i de a proteja comunit\u0103\u021bile. Fie ca fiecare flac\u0103r\u0103 de pe bradul de Cr\u0103ciun s\u0103 fie o promisiune c\u0103 ve\u021bi continua s\u0103 fi\u021bi eroii de care lumea are nevoie. Voca\u021bia voastr\u0103 va aduce speran\u021b\u0103 \u0219i siguran\u021b\u0103 \u00een momentele cele mai grele.\u201d<\/p>\n<p>\ud83d\udc6e\u200d\u2642\ufe0f <strong>Pentru viitorii jandarmi:<\/strong> \u201eCr\u0103ciun binecuv\u00e2ntat \u0219i plin de armonie! Fie ca spiritul s\u0103rb\u0103torilor s\u0103 v\u0103 \u00eent\u0103reasc\u0103 d\u0103ruirea pentru protejarea ordinii publice \u0219i a drept\u0103\u021bii. Cr\u0103ciunul s\u0103 v\u0103 aduc\u0103 lini\u0219te sufleteasc\u0103 \u0219i puterea de a merge mereu \u00eenainte cu demnitate \u0219i respect. Jandarmeria este simbolul stabilit\u0103\u021bii \u0219i siguran\u021bei, iar voi ve\u021bi continua aceast\u0103 tradi\u021bie cu m\u00e2ndrie.\u201d<\/p>\n<p><strong>Mesaj comun pentru to\u021bi viitorii ap\u0103r\u0103tori:<\/strong> \u201eS\u0103rb\u0103tori fericite! Fie ca magia Cr\u0103ciunului s\u0103 v\u0103 umple inimile cu bucurie, s\u0103 v\u0103 ofere motiva\u021bia de a face bine \u0219i s\u0103 v\u0103 aduc\u0103 \u00eencredere \u00een misiunea pe care o ve\u021bi \u00eentruchipa. Mul\u021bumim pentru angajamentul vostru de a construi o lume mai sigur\u0103 \u0219i mai just\u0103. Cr\u0103ciunul este un moment al solidarit\u0103\u021bii, iar voi sunte\u021bi exemplul perfect al acestei valori. La mul\u021bi ani \u0219i succes \u00een tot ceea ce v\u0103 propune\u021bi!\u201d<\/p>\n","protected":false},"excerpt":{"rendered":"<p>Cr\u0103ciunul este un prilej de bucurie, reflec\u021bie \u0219i reconectare cu valorile care ne ghideaz\u0103 via\u021ba. Pentru viitorii ap\u0103r\u0103tori ai ordinii \u0219i siguran\u021bei publice, aceast\u0103 s\u0103rb\u0103toare aduce nu doar momente de lini\u0219te, ci \u0219i un imbold pentru misiunea pe care \u0219i-au ales-o. Este momentul s\u0103 ne exprim\u0103m recuno\u0219tin\u021ba \u0219i s\u0103 oferim cuvinte de \u00eencurajare celor care [&hellip;]<\/p>\n","protected":false},"author":1,"featured_media":0,"comment_status":"closed","ping_status":"closed","sticky":false,"template":"","format":"standard","meta":{"_seopress_robots_primary_cat":"none","_seopress_titles_title":"","_seopress_titles_desc":"","_seopress_robots_index":"","inline_featured_image":false,"footnotes":""},"categories":[1],"tags":[],"class_list":["post-17978","post","type-post","status-publish","format-standard","hentry","category-uncategorized"],"_links":{"self":[{"href":"https:\/\/eadmitere.ro\/politie\/wp-json\/wp\/v2\/posts\/17978","targetHints":{"allow":["GET"]}}],"collection":[{"href":"https:\/\/eadmitere.ro\/politie\/wp-json\/wp\/v2\/posts"}],"about":[{"href":"https:\/\/eadmitere.ro\/politie\/wp-json\/wp\/v2\/types\/post"}],"author":[{"embeddable":true,"href":"https:\/\/eadmitere.ro\/politie\/wp-json\/wp\/v2\/users\/1"}],"replies":[{"embeddable":true,"href":"https:\/\/eadmitere.ro\/politie\/wp-json\/wp\/v2\/comments?post=17978"}],"version-history":[{"count":0,"href":"https:\/\/eadmitere.ro\/politie\/wp-json\/wp\/v2\/posts\/17978\/revisions"}],"wp:attachment":[{"href":"https:\/\/eadmitere.ro\/politie\/wp-json\/wp\/v2\/media?parent=17978"}],"wp:term":[{"taxonomy":"category","embeddable":true,"href":"https:\/\/eadmitere.ro\/politie\/wp-json\/wp\/v2\/categories?post=17978"},{"taxonomy":"post_tag","embeddable":true,"href":"https:\/\/eadmitere.ro\/politie\/wp-json\/wp\/v2\/tags?post=17978"}],"curies":[{"name":"wp","href":"https:\/\/api.w.org\/{rel}","templated":true}]}}